{"id":113,"date":"2011-01-25T00:17:49","date_gmt":"2011-01-24T23:17:49","guid":{"rendered":"http:\/\/www.oeko-gruppe-laupen.ch.asdfg.nine.ch\/wordpress\/?page_id=113"},"modified":"2021-11-03T09:21:35","modified_gmt":"2021-11-03T08:21:35","slug":"schweiz%c2%a0erneuerbar","status":"publish","type":"post","link":"https:\/\/www.oeko-gruppe-laupen.ch\/?p=113","title":{"rendered":"\u201cSchweiz\u00a0erneuerbar\u201d"},"content":{"rendered":"<p style=\"text-align: center;\"><strong>&#8220;Schweiz\u00a0erneuerbar&#8221; ohne\u00a0Atomkraft<\/strong><\/p>\n<p><strong>gespiesen\u00a0aus\u00a0100%\u00a0erneuerbaren Energien,\u00a0ist\u00a0heute\u00a0m\u00f6glich.<\/strong><\/p>\n<p>Basel\u00ad-Stadt hat sich vor Jahrzehnten von der Atomenergie losgesagt. Eine neue Strategie wird umgesetzt: Strom zu 100% aus erneuerbaren Energien &#8211; \u00ad Wasserkraft aus den Alpen, Windkraft von Jurah\u00f6hen und Meeresk\u00fcsten, Solarstrom vom Dach, dazu Strom aus Holz und Abfall &#8211; \u00adsauber und ohne CO2-Emissionen, aus Quellen, die nie versiegen. Atomkraftwerke hingegen machen abh\u00e4ngig vom Ausland, sind gef\u00e4hrlich und hinterlassen Abfall f\u00fcr Hunderttausende von Jahren.<\/p>\n<p><strong>NEIN zu neuem AKW M\u00fchleberg am 13. Februar!<\/strong><\/p>\n","protected":false},"excerpt":{"rendered":"<p>&#8220;Schweiz\u00a0erneuerbar&#8221; ohne\u00a0Atomkraft gespiesen\u00a0aus\u00a0100%\u00a0erneuerbaren Energien,\u00a0ist\u00a0heute\u00a0m\u00f6glich. Basel\u00ad-Stadt hat sich vor Jahrzehnten von der Atomenergie losgesagt. Eine neue Strategie wird umgesetzt: Strom zu 100% aus erneuerbaren Energien &#8211; \u00ad Wasserkraft aus den Alpen, Windkraft von Jurah\u00f6hen und Meeresk\u00fcsten, Solarstrom vom Dach, dazu Strom aus Holz und Abfall &#8211; \u00adsauber und ohne CO2-Emissionen, aus [&hellip;]<\/p>\n","protected":false},"author":2,"featured_media":0,"comment_status":"closed","ping_status":"closed","sticky":false,"template":"","format":"standard","meta":{"footnotes":""},"categories":[4],"tags":[],"class_list":["post-113","post","type-post","status-publish","format-standard","hentry","category-akwnein"],"_links":{"self":[{"href":"https:\/\/www.oeko-gruppe-laupen.ch\/index.php?rest_route=\/wp\/v2\/posts\/113","targetHints":{"allow":["GET"]}}],"collection":[{"href":"https:\/\/www.oeko-gruppe-laupen.ch\/index.php?rest_route=\/wp\/v2\/posts"}],"about":[{"href":"https:\/\/www.oeko-gruppe-laupen.ch\/index.php?rest_route=\/wp\/v2\/types\/post"}],"author":[{"embeddable":true,"href":"https:\/\/www.oeko-gruppe-laupen.ch\/index.php?rest_route=\/wp\/v2\/users\/2"}],"replies":[{"embeddable":true,"href":"https:\/\/www.oeko-gruppe-laupen.ch\/index.php?rest_route=%2Fwp%2Fv2%2Fcomments&post=113"}],"version-history":[{"count":4,"href":"https:\/\/www.oeko-gruppe-laupen.ch\/index.php?rest_route=\/wp\/v2\/posts\/113\/revisions"}],"predecessor-version":[{"id":922,"href":"https:\/\/www.oeko-gruppe-laupen.ch\/index.php?rest_route=\/wp\/v2\/posts\/113\/revisions\/922"}],"wp:attachment":[{"href":"https:\/\/www.oeko-gruppe-laupen.ch\/index.php?rest_route=%2Fwp%2Fv2%2Fmedia&parent=113"}],"wp:term":[{"taxonomy":"category","embeddable":true,"href":"https:\/\/www.oeko-gruppe-laupen.ch\/index.php?rest_route=%2Fwp%2Fv2%2Fcategories&post=113"},{"taxonomy":"post_tag","embeddable":true,"href":"https:\/\/www.oeko-gruppe-laupen.ch\/index.php?rest_route=%2Fwp%2Fv2%2Ftags&post=113"}],"curies":[{"name":"wp","href":"https:\/\/api.w.org\/{rel}","templated":true}]}}