{"id":1295,"date":"2022-05-02T07:40:28","date_gmt":"2022-05-02T06:40:28","guid":{"rendered":"https:\/\/www.oeko-gruppe-laupen.ch\/?p=1295"},"modified":"2025-02-01T10:10:29","modified_gmt":"2025-02-01T09:10:29","slug":"mitmachen-beim-grunen-fest","status":"publish","type":"post","link":"https:\/\/www.oeko-gruppe-laupen.ch\/?p=1295","title":{"rendered":"Update &#8211; ein voller Erfolg"},"content":{"rendered":"\n<p>Das Gr\u00fcne Fest war ein tolles Erlebnis und wir m\u00f6chten uns bei allen die irgendwie dazu beigetragen haben, sei es bei der Organisation, an einem Stand oder als Besucherin oder Besucher, recht herzlich bedanken.<\/p>\n\n\n\n<p>Wir freuen uns auf ein n\u00e4chstes Mal.<\/p>\n\n\n\n<p>Hier geht es zur<a href=\"https:\/\/oeko-gruppe-laupen.ch\/das-gruene-fest.ch\"> ehemaligen Webseite.<\/a><\/p>\n\n\n\n<p><\/p>\n\n\n\n<h2 class=\"wp-block-heading\">Ausgebucht &#8211; Mitmachen beim Gr\u00fcnen Fest<\/h2>\n\n\n\n<p class=\"has-header-gradient-color has-text-color\"><strong>Sorry, ausgebucht!<\/strong> Wir wurden von unserem Erfolg \u00fcberrascht. Leider sind alle St\u00e4nde vergeben. Jetzt hoffen wir auf viel Publikum!<\/p>\n\n\n\n<p><s>Alle, die sich f\u00fcr eine \u00f6kologische Zukunft einsetzen, laden wir ein, am Gr\u00fcnen Fest, Sonntag 14. August 2022 auf dem Schloss Laupen, mitzumachen, sei es durch einen Info-\/Verkaufsstand oder eine andere Aktivit\u00e4t.<\/s><\/p>\n\n\n\n<p>Einfach ein E-Mail schicken (info -\u00e4t- oeko-gruppe-laupen . ch)<\/p>\n\n\n\n<p><a href=\"https:\/\/oeko-gruppe-laupen.ch\/das-gruene-fest.ch\">das-gruene-fest.ch<\/a><\/p>\n\n\n\n<p class=\"has-header-gradient-color has-text-color has-x-large-font-size\" id=\"http:\/\/www.oeko-gruppe-laupen.ch\/wrtdrck\/wp-content\/uploads\/2022\/05\/220429_Oeko_OK_Das_gruene_Fest_Zeitungsinserat_AF_48x47_Gruppen_Inserat_Druck.pdf\"><a href=\"http:\/\/www.oeko-gruppe-laupen.ch\/wrtdrck\/wp-content\/uploads\/2022\/05\/220429_Oeko_OK_Das_gruene_Fest_Zeitungsinserat_AF_48x47_Gruppen_Inserat_Druck.pdf\"><img loading=\"lazy\" decoding=\"async\" width=\"150\" height=\"138\" class=\"wp-image-1298\" style=\"width: 150px;\" src=\"http:\/\/www.oeko-gruppe-laupen.ch\/wrtdrck\/wp-content\/uploads\/2022\/05\/Laupen_Anzeiger_Mai.png\" alt=\"Einladung Mitmachen beim Gr\u00fcnen Fest Laupen\" srcset=\"https:\/\/www.oeko-gruppe-laupen.ch\/wrtdrck\/wp-content\/uploads\/2022\/05\/Laupen_Anzeiger_Mai.png 411w, https:\/\/www.oeko-gruppe-laupen.ch\/wrtdrck\/wp-content\/uploads\/2022\/05\/Laupen_Anzeiger_Mai-300x277.png 300w\" sizes=\"auto, (max-width: 150px) 100vw, 150px\" \/><br><\/a><\/p>\n","protected":false},"excerpt":{"rendered":"<p>Das Gr\u00fcne Fest war ein tolles Erlebnis und wir m\u00f6chten uns bei allen die irgendwie dazu beigetragen haben, sei es bei der Organisation, an einem Stand oder als Besucherin oder Besucher, recht herzlich bedanken. Wir freuen uns auf ein n\u00e4chstes Mal. Hier geht es zur ehemaligen Webseite. Ausgebucht &#8211; Mitmachen [&hellip;]<\/p>\n","protected":false},"author":2,"featured_media":0,"comment_status":"closed","ping_status":"closed","sticky":false,"template":"","format":"standard","meta":{"footnotes":""},"categories":[28,30,10,26],"tags":[],"class_list":["post-1295","post","type-post","status-publish","format-standard","hentry","category-aktivitaten","category-das-grune-fest","category-inseratekampagne","category-verein"],"_links":{"self":[{"href":"https:\/\/www.oeko-gruppe-laupen.ch\/index.php?rest_route=\/wp\/v2\/posts\/1295","targetHints":{"allow":["GET"]}}],"collection":[{"href":"https:\/\/www.oeko-gruppe-laupen.ch\/index.php?rest_route=\/wp\/v2\/posts"}],"about":[{"href":"https:\/\/www.oeko-gruppe-laupen.ch\/index.php?rest_route=\/wp\/v2\/types\/post"}],"author":[{"embeddable":true,"href":"https:\/\/www.oeko-gruppe-laupen.ch\/index.php?rest_route=\/wp\/v2\/users\/2"}],"replies":[{"embeddable":true,"href":"https:\/\/www.oeko-gruppe-laupen.ch\/index.php?rest_route=%2Fwp%2Fv2%2Fcomments&post=1295"}],"version-history":[{"count":9,"href":"https:\/\/www.oeko-gruppe-laupen.ch\/index.php?rest_route=\/wp\/v2\/posts\/1295\/revisions"}],"predecessor-version":[{"id":1368,"href":"https:\/\/www.oeko-gruppe-laupen.ch\/index.php?rest_route=\/wp\/v2\/posts\/1295\/revisions\/1368"}],"wp:attachment":[{"href":"https:\/\/www.oeko-gruppe-laupen.ch\/index.php?rest_route=%2Fwp%2Fv2%2Fmedia&parent=1295"}],"wp:term":[{"taxonomy":"category","embeddable":true,"href":"https:\/\/www.oeko-gruppe-laupen.ch\/index.php?rest_route=%2Fwp%2Fv2%2Fcategories&post=1295"},{"taxonomy":"post_tag","embeddable":true,"href":"https:\/\/www.oeko-gruppe-laupen.ch\/index.php?rest_route=%2Fwp%2Fv2%2Ftags&post=1295"}],"curies":[{"name":"wp","href":"https:\/\/api.w.org\/{rel}","templated":true}]}}