{"id":1337,"date":"2023-09-19T06:53:37","date_gmt":"2023-09-19T05:53:37","guid":{"rendered":"https:\/\/www.oeko-gruppe-laupen.ch\/?p=1337"},"modified":"2023-09-19T06:53:39","modified_gmt":"2023-09-19T05:53:39","slug":"das-ende-einer-ara-keine-brennelemente-mehr-im-akw-muhleberg","status":"publish","type":"post","link":"https:\/\/www.oeko-gruppe-laupen.ch\/?p=1337","title":{"rendered":"Das Ende einer \u00c4ra: Keine Brennelemente mehr im AKW M\u00fchleberg"},"content":{"rendered":"\n<p>Das Atomkraftwerk M\u00fchleberg hat \u00fcber die Jahre hinweg viele Diskussionen und Sorgen in der \u00d6ffentlichkeit ausgel\u00f6st. Doch am 1. September 2023 <a rel=\"noreferrer noopener\" href=\"https:\/\/www.bkw.ch\/de\/ueber-uns\/aktuell\/medien\/medienmitteilungen\/kernkraftwerk-muehleberg-keine-brennelemente-mehr-am-standort\" target=\"_blank\">m<\/a><a rel=\"noreferrer noopener\" href=\"https:\/\/www.bkw.ch\/de\/ueber-uns\/aktuell\/medien\/medienmitteilungen\/kernkraftwerk-muehleberg-keine-brennelemente-mehr-am-standort\" target=\"_blank\">e<\/a><a rel=\"noreferrer noopener\" href=\"https:\/\/www.bkw.ch\/de\/ueber-uns\/aktuell\/medien\/medienmitteilungen\/kernkraftwerk-muehleberg-keine-brennelemente-mehr-am-standort\" target=\"_blank\">l<\/a><a rel=\"noreferrer noopener\" href=\"https:\/\/www.bkw.ch\/de\/ueber-uns\/aktuell\/medien\/medienmitteilungen\/kernkraftwerk-muehleberg-keine-brennelemente-mehr-am-standort\" target=\"_blank\">d<\/a><a rel=\"noreferrer noopener\" href=\"https:\/\/www.bkw.ch\/de\/ueber-uns\/aktuell\/medien\/medienmitteilungen\/kernkraftwerk-muehleberg-keine-brennelemente-mehr-am-standort\" target=\"_blank\">ete die BKW<\/a>, dass eine bedeutende Quelle der Besorgnis endg\u00fcltig beseitigt wurde: Im AKW M\u00fchleberg sind nun keine Brennelemente mehr vorhanden, was die Gefahr einer grossen radioaktiven Katastrophe  eliminiert.<\/p>\n\n\n\n<p>Die Abschaltung des AKW M\u00fchleberg war ein Meilenstein in der schweizerischen Energiepolitik und eine Erleichterung und Genugtuung f\u00fcr Umweltsch\u00fctzer und die \u00d6ko-Gruppe Laupen und Umgebung. Die Entfernung der Brennelemente markiert das Ende einer \u00c4ra und \u00f6ffnet die T\u00fcr f\u00fcr saubere, erneuerbare Energiequellen und nachhaltigere Energiel\u00f6sungen.<\/p>\n\n\n\n<p>Die \u00d6ko-Gruppe Laupen und Umgebung m\u00f6chte auch den Personen und Gruppen danken, welche mithalfen, dass das AKW m\u00f6glichst schnell und m\u00f6glichst sicher vom Netz ging: Franziska Herren mit der Initiative &#8220;M\u00fchleberg vom Netz&#8221;, Markus K\u00fchni mit seinem technischen und juristischen Fachwissen, das die BKW und das ENSI herausforderte, J\u00fcrg Joss und J\u00fcrg Aerni mit dem Verein \u00abFokus Anti-Atom\u00bb, Marco B\u00e4hler, der \u00fcber Jahrzehnte hinweg unerm\u00fcdlich Staubproben rund um M\u00fchleberg sammelte und auf Radioaktivit\u00e4t untersuchte, oder das rem-Team, das ein Netz privater Messstationen rund ums AKW betrieb.<\/p>\n\n\n\n<p>Mit der Entfernung der Brennelemente aus dem AKW k\u00f6nnen wir nun zuversichtlich in eine Zukunft blicken, in der saubere Energie und Umweltschutz im Vordergrund stehen. Die Brennelemente aus M\u00fchleberg sind zwar nicht mehr in Betrieb, aber immer noch gef\u00e4hrlich radioaktiv und m\u00fcssen sicher gelagert werden &#8211; und zwar f\u00fcr alle Zeiten, zumindest nach menschlichem Ermessen. Derzeit werden diese gef\u00e4hrlichen Materialien in W\u00fcrenlingen aufbewahrt. Dies ist ein Problem, das nicht nur die Schweiz betrifft, sondern auch in vielen anderen L\u00e4ndern weltweit besteht: die sichere Entsorgung von radioaktivem Abfall bleibt eine immense Herausforderung.<\/p>\n\n\n\n<p><\/p>\n","protected":false},"excerpt":{"rendered":"<p>Das Atomkraftwerk M\u00fchleberg hat \u00fcber die Jahre hinweg viele Diskussionen und Sorgen in der \u00d6ffentlichkeit ausgel\u00f6st. Doch am 1. September 2023 meldete die BKW, dass eine bedeutende Quelle der Besorgnis endg\u00fcltig beseitigt wurde: Im AKW M\u00fchleberg sind nun keine Brennelemente mehr vorhanden, was die Gefahr einer grossen radioaktiven Katastrophe eliminiert. [&hellip;]<\/p>\n","protected":false},"author":2,"featured_media":1340,"comment_status":"closed","ping_status":"closed","sticky":false,"template":"","format":"standard","meta":{"footnotes":""},"categories":[4,16],"tags":[],"class_list":["post-1337","post","type-post","status-publish","format-standard","has-post-thumbnail","hentry","category-akwnein","category-sicherheit"],"_links":{"self":[{"href":"https:\/\/www.oeko-gruppe-laupen.ch\/index.php?rest_route=\/wp\/v2\/posts\/1337","targetHints":{"allow":["GET"]}}],"collection":[{"href":"https:\/\/www.oeko-gruppe-laupen.ch\/index.php?rest_route=\/wp\/v2\/posts"}],"about":[{"href":"https:\/\/www.oeko-gruppe-laupen.ch\/index.php?rest_route=\/wp\/v2\/types\/post"}],"author":[{"embeddable":true,"href":"https:\/\/www.oeko-gruppe-laupen.ch\/index.php?rest_route=\/wp\/v2\/users\/2"}],"replies":[{"embeddable":true,"href":"https:\/\/www.oeko-gruppe-laupen.ch\/index.php?rest_route=%2Fwp%2Fv2%2Fcomments&post=1337"}],"version-history":[{"count":1,"href":"https:\/\/www.oeko-gruppe-laupen.ch\/index.php?rest_route=\/wp\/v2\/posts\/1337\/revisions"}],"predecessor-version":[{"id":1338,"href":"https:\/\/www.oeko-gruppe-laupen.ch\/index.php?rest_route=\/wp\/v2\/posts\/1337\/revisions\/1338"}],"wp:featuredmedia":[{"embeddable":true,"href":"https:\/\/www.oeko-gruppe-laupen.ch\/index.php?rest_route=\/wp\/v2\/media\/1340"}],"wp:attachment":[{"href":"https:\/\/www.oeko-gruppe-laupen.ch\/index.php?rest_route=%2Fwp%2Fv2%2Fmedia&parent=1337"}],"wp:term":[{"taxonomy":"category","embeddable":true,"href":"https:\/\/www.oeko-gruppe-laupen.ch\/index.php?rest_route=%2Fwp%2Fv2%2Fcategories&post=1337"},{"taxonomy":"post_tag","embeddable":true,"href":"https:\/\/www.oeko-gruppe-laupen.ch\/index.php?rest_route=%2Fwp%2Fv2%2Ftags&post=1337"}],"curies":[{"name":"wp","href":"https:\/\/api.w.org\/{rel}","templated":true}]}}