{"id":254,"date":"2011-03-04T22:59:38","date_gmt":"2011-03-04T21:59:38","guid":{"rendered":"http:\/\/www.oeko-gruppe-laupen.ch\/wordpress\/?page_id=254"},"modified":"2022-04-25T14:42:05","modified_gmt":"2022-04-25T13:42:05","slug":"aktivitaten","status":"publish","type":"post","link":"https:\/\/www.oeko-gruppe-laupen.ch\/?p=254","title":{"rendered":"Aktivit\u00e4tenliste 2011 &#8211; 2014"},"content":{"rendered":"<h3><span style=\"text-decoration: underline;\">2014<\/span><\/h3>\n<p><span style=\"color: #000000;\">So 18. Mai 2014 ABSTIMMUNG M\u00dcHLEBERG VOM NETZ<\/span><\/p>\n<p><strong>Mo 10. M\u00e4rz 2014<\/strong> Film im Lichtspiel, <a href=\"http:\/\/ajisaich.jimdo.com\/nachrichten\/\">http:\/\/ajisaich.jimdo.com\/nachrichten\/<\/a>&nbsp; Filmveranstaltung Halbwertszeit 2014<\/p>\n<p><strong>So 9. M\u00e4rz 2014<\/strong> Familienfreundliche Velotour zum Andeken an Fukushima Jahrestag 11. M\u00e4rz. Forstzentrum Bern -&gt; M\u00fchleberg. <a href=\"https:\/\/www.facebook.com\/events\/655719727799473\/?notif_t=plan_user_invited3\">https:\/\/www.facebook.com\/events\/655719727799473\/?notif_t=plan_user_invited3<\/a><\/p>\n<p><strong><strong>Mi 5. M\u00e4rz 2014<\/strong> Podium Roggwil, Energiewende\/Ist M\u00fchleberg noch sicher mit RR Barbara Egger + J\u00fcrg Joss <a href=\"http:\/\/www.sproggwil.ch\/uploads\/pdf\/anlass\/energiewende.pdf\">http:\/\/www.sproggwil.ch\/uploads\/pdf\/anlass\/energiewende.pdf<\/a><\/strong><\/p>\n<p><strong>Fr 28. Februar 2014<\/strong><strong><\/strong>&nbsp; Podium Thun, M\u00fchleberg vom Netz <a href=\"http:\/\/www.muehleberg-vom-netz.ch\/blog\/thun-podium-am-28-februar-2014\">http:\/\/www.muehleberg-vom-netz.ch\/blog\/thun-podium-am-28-februar-2014<\/a><\/p>\n<h3><\/h3>\n<h3><span style=\"text-decoration: underline; color: #000000;\"><span style=\"text-decoration: underline;\">2013<\/span><\/span><\/h3>\n<p><strong>Mo 1. Juli<\/strong> <strong>2013<\/strong> &nbsp;ENSI Mahnwache &#8220;M\u00fchleberg Spezial&#8221;<\/p>\n<p><span style=\"color: #888888;\"><span style=\"color: #000000;\"><strong>Do 30. Mai<\/strong><\/span> <strong><span style=\"color: #000000;\">2013<\/span><\/strong> <span style=\"color: #ff0000;\"><a title=\"Vernehmlassungsantwort\" href=\"http:\/\/www.oeko-gruppe-laupen.ch\/?page_id=526\"><span style=\"color: #000000;\">Medienmitteilung<\/span> <\/a><span style=\"color: #000000;\">zu Gegenvorschlag &#8220;M\u00fchleberg vom Netz&#8221;<\/span><\/span><\/span><\/p>\n<h3><span style=\"text-decoration: underline; color: #888888;\"><span style=\"text-decoration: underline;\">2012<\/span><\/span><\/h3>\n<p><span style=\"color: #888888;\"><strong>Stimmen aus Fukushima<\/strong><\/span><\/p>\n<p><span style=\"color: #888888;\"><strong>Mi 22. Februar<\/strong> 2012, 19:00h: Langenthal, Alte M\u00fchle (<a href=\"http:\/\/g.co\/maps\/vvf3a\"><span style=\"color: #888888;\">Lageplan<\/span><\/a>)<\/span><br \/>\n<span style=\"color: #888888;\"> <strong>Do 23. Februar<\/strong> 2012, 19:30h: Hinterkappelen, Kipferhaus (<a href=\"http:\/\/g.co\/maps\/p2sg3\"><span style=\"color: #888888;\">Lageplan<\/span><\/a>)<\/span><br \/>\n<span style=\"color: #888888;\"> <strong>Fr 24. Februar<\/strong> 2012, 19:00h: Langnau, Kirchgemeindehaus (<a href=\"http:\/\/g.co\/maps\/qujx2\"><span style=\"color: #888888;\">Lageplan<\/span><\/a>)<\/span><br \/>\n<span style=\"color: #888888;\"> <strong>Sa 25. Februar<\/strong> 2012, 16:15h: Genf, Uni Dufour salle U300 (<a href=\"http:\/\/g.co\/maps\/7uhfr\"><span style=\"color: #888888;\">Lageplan<\/span><\/a>)<\/span><\/p>\n<p><span style=\"color: #888888;\"><strong>Mi 7. M\u00e4rz<\/strong> Film &#8220;77 Tage sind nicht genug&#8221; auf dem Viktoriaplatz, Bern<\/span><\/p>\n<p><span style=\"color: #888888;\"><strong>So 11. M\u00e4rz<\/strong> Menschenstrom Demo in M\u00fchleberg<\/span><\/p>\n<p><span style=\"color: #888888;\"><strong>Sa 18. August&nbsp;<\/strong> Besichtigung Wasser-Wirbelkraftwerk Sch\u00f6ftland. Treffpunkt 09:15 Bahnhof Bern, &#8220;Treffpunkt&#8221;<\/span><\/p>\n<p><span style=\"color: #888888;\">&nbsp;<\/span><\/p>\n<h3 style=\"text-align: left;\"><span style=\"color: #888888;\"><span style=\"text-decoration: underline;\">2011<\/span><\/span><\/h3>\n<p><span style=\"color: #888888;\"><strong>Fr 11.11.11 11:11 <\/strong>Wir entsorgen das AKW am Loupe-M\u00e4rit beim Bio-Gem\u00fcsestand! <\/span><\/p>\n<div>\n<p><span style=\"color: #888888;\">AktivistInnen mit Gluscht auf s\u00fcss Verstrahltes treffen sich am 11.11.11 um 11:11 Uhr beim Bio-Gem\u00fcsestand der Oeko-Gruppe Laupen am Loupe-M\u00e4rit.<\/span><\/p>\n<\/div>\n<p><span style=\"color: #888888;\"><strong>Do 25. August, 20:00<\/strong>, Restaurant B\u00e4ren, Laupen. Vortrags- und Diskussionsabend mit J\u00fcrg Joss, M\u00fchleberg Ver-Fahren.<\/span><\/p>\n<p><span style=\"color: #888888;\">Pfingsten &#8220;Mal richtig abschalten&#8221; 11. &#8211; 13. Juni<\/span><\/p>\n<ul>\n<li><span style=\"color: #888888;\">Pfingstmontag <strong>Demo beim AKW M\u00fchleberg.<\/strong> Gemeinsame Anfahrt mit Fahrrad von Laupen, Bern, Fribourg oder Spaziergang ab Bahnhof G\u00fcmmenen. Zus\u00e4tzlich verkehren Shuttlebusse ab G\u00fcmmenen<\/span><\/li>\n<li><span style=\"color: #888888;\">Samstag und Sonntag Bern Viktoriaplatz: Konzerte (Steff la Cheffe), Slam, Kino und vieles mehr <\/span><a title=\"AKW-Ade\" href=\"http:\/\/www.akw-ade.ch\/?page_id=701\"><span style=\"color: #888888;\">http:\/\/www.akw-ade.ch\/?page_id=701<\/span><br \/>\n<\/a><\/li>\n<\/ul>\n<p><img loading=\"lazy\" decoding=\"async\" class=\"alignnone\" title=\"Mal richtig abschalten\" alt=\"\" src=\"http:\/\/www.akw-ade.ch\/wp-content\/uploads\/2011\/05\/banner.jpg\" width=\"382\" height=\"204\"><\/p>\n<p><span style=\"color: #888888;\"><strong>Jeden Dienstag um 12.15, <\/strong> Protest-Picknick gegen AKW M\u00fchleberg, BKW Hauptsitz, Viktoriaplatz Bern<\/span><\/p>\n<p><span style=\"color: #888888;\"><strong>So 22. Mai <\/strong><a href=\"http:\/\/www.menschenstrom.ch\/\">Menschenstrom gegen Atom<\/a> im Kanton Aargau. Besammlung beim &#8220;Treffpunkt&#8221; im Bahnhof Bern, 8:15<\/span><\/p>\n<p><span style=\"color: #888888;\"><strong>14. April <\/strong>Sitzung Oeko-Gruppe Laupen<\/span><\/p>\n<p><span style=\"color: #888888;\"><strong>Mi 6. April 17:00 <\/strong>Demonstration gegen das AKW M\u00fchleberg,&nbsp; Komitee \u201eJugend gegen AKWs\u201c, Bundesplatz Bern<\/span><\/p>\n<p><span style=\"color: #808080;\"><strong>Di 29. M\u00e4rz um 12.15, <\/strong>Protest-Picknick gegen AKW M\u00fchleberg, BKW Hauptsitz, Viktoriaplatz Bern<\/span><\/p>\n<p><span style=\"color: #808080;\"><strong>Sa 19. M\u00e4rz, 13 &#8211; 14 Uhr<\/strong> M\u00fcnsterplatz, Bern: Kundgebung zur \u201cEnergiewende JETZT!\u201d <a href=\"http:\/\/www.energiewende-jetzt.ch\/\">http:\/\/www.energiewende-jetzt.ch\/<\/a><\/span><\/p>\n<p style=\"text-align: left;\"><span style=\"color: #808080;\"><strong>Ab Mo 14. M\u00e4rz, t\u00e4glich <\/strong>Mahnwache zur Atomkatastrophe in Japan auf dem Waisenhausplatz\/Bundesplatz, Bern. 18-20 Uhr <em>(findet nicht mehr statt)<\/em><\/span><\/p>\n","protected":false},"excerpt":{"rendered":"<p>2014 So 18. Mai 2014 ABSTIMMUNG M\u00dcHLEBERG VOM NETZ Mo 10. M\u00e4rz 2014 Film im Lichtspiel, http:\/\/ajisaich.jimdo.com\/nachrichten\/&nbsp; Filmveranstaltung Halbwertszeit 2014 So 9. M\u00e4rz 2014 Familienfreundliche Velotour zum Andeken an Fukushima Jahrestag 11. M\u00e4rz. Forstzentrum Bern -&gt; M\u00fchleberg. https:\/\/www.facebook.com\/events\/655719727799473\/?notif_t=plan_user_invited3 Mi 5. M\u00e4rz 2014 Podium Roggwil, Energiewende\/Ist M\u00fchleberg noch sicher mit RR [&hellip;]<\/p>\n","protected":false},"author":2,"featured_media":0,"comment_status":"closed","ping_status":"closed","sticky":false,"template":"","format":"standard","meta":{"footnotes":""},"categories":[28,26],"tags":[],"class_list":["post-254","post","type-post","status-publish","format-standard","hentry","category-aktivitaten","category-verein"],"_links":{"self":[{"href":"https:\/\/www.oeko-gruppe-laupen.ch\/index.php?rest_route=\/wp\/v2\/posts\/254","targetHints":{"allow":["GET"]}}],"collection":[{"href":"https:\/\/www.oeko-gruppe-laupen.ch\/index.php?rest_route=\/wp\/v2\/posts"}],"about":[{"href":"https:\/\/www.oeko-gruppe-laupen.ch\/index.php?rest_route=\/wp\/v2\/types\/post"}],"author":[{"embeddable":true,"href":"https:\/\/www.oeko-gruppe-laupen.ch\/index.php?rest_route=\/wp\/v2\/users\/2"}],"replies":[{"embeddable":true,"href":"https:\/\/www.oeko-gruppe-laupen.ch\/index.php?rest_route=%2Fwp%2Fv2%2Fcomments&post=254"}],"version-history":[{"count":72,"href":"https:\/\/www.oeko-gruppe-laupen.ch\/index.php?rest_route=\/wp\/v2\/posts\/254\/revisions"}],"predecessor-version":[{"id":1275,"href":"https:\/\/www.oeko-gruppe-laupen.ch\/index.php?rest_route=\/wp\/v2\/posts\/254\/revisions\/1275"}],"wp:attachment":[{"href":"https:\/\/www.oeko-gruppe-laupen.ch\/index.php?rest_route=%2Fwp%2Fv2%2Fmedia&parent=254"}],"wp:term":[{"taxonomy":"category","embeddable":true,"href":"https:\/\/www.oeko-gruppe-laupen.ch\/index.php?rest_route=%2Fwp%2Fv2%2Fcategories&post=254"},{"taxonomy":"post_tag","embeddable":true,"href":"https:\/\/www.oeko-gruppe-laupen.ch\/index.php?rest_route=%2Fwp%2Fv2%2Ftags&post=254"}],"curies":[{"name":"wp","href":"https:\/\/api.w.org\/{rel}","templated":true}]}}