{"id":295,"date":"2011-03-13T22:22:49","date_gmt":"2011-03-13T21:22:49","guid":{"rendered":"http:\/\/www.oeko-gruppe-laupen.ch\/wordpress\/?page_id=295"},"modified":"2021-11-03T09:26:00","modified_gmt":"2021-11-03T08:26:00","slug":"mahnwache-japan","status":"publish","type":"post","link":"https:\/\/www.oeko-gruppe-laupen.ch\/?p=295","title":{"rendered":"Mahnwache Japan"},"content":{"rendered":"<p style=\"text-align: left;\">Mahnwache zur Atomkatastrophe in Fukushima, Japan.<\/p>\n<p style=\"text-align: right;\">\n<p><strong>Ab Montag 14. M\u00e4rz t\u00e4glich, ca 18 bis 20 h auf dem Waisenhausplatz\/Bundesplatz in Bern<\/strong><\/p>\n<p>Wir denken an die von der atomaren Katastrophe und dem verheerenden Erdbeben und Tsunami betroffene Bev\u00f6lkerung in Japan. Wir sind betroffen vom uns\u00e4glichen Ausmass an Leid. Die Katastrophe in Japan zeigt, dass sich die enormen Risiken, denen sich unsere moderne Gesellschaft aussetzt, auch durch die neusten Technologien nicht beherrschen lassen. Es braucht nachhaltige, menschen- und umweltvertr\u00e4gliche L\u00f6sungen. Wir fordern konkrete Massnahmen und keine leeren Versprechungen mehr.<\/p>\n<p><em>Wir verlangen:<\/em><\/p>\n<ul>\n<li>dass der Bundesrat das laufende Verfahren f\u00fcr den Bau von drei neuen AKW in\u00a0 der Schweiz umgehend sistiert.<\/li>\n<li>dass der Bundesrat auf seinen Entscheid zur\u00fcckkommt, dem AKW M\u00fchleberg<br \/>\neine unbefristete Betriebsbewilligung zu erteilen.<\/li>\n<li>von der BKW, dem Bund und dem Kanton Bern, dass s\u00e4mtliche Unterlagen zur<br \/>\nSicherheit des AKW M\u00fchleberg sofort offengelegt werden, insbesondere der<br \/>\nvom Eidgen\u00f6ssischen Nuklearsicherheitsinspektorat ENSI auf Ende 2010 ge-<br \/>\nforderte Bericht der BKW zum Stand der Umsetzung von fr\u00fcheren Nachr\u00fcstungs-<br \/>\nauflagen, auch bez\u00fcglich der Erdbebensicherheit (Langzeitsicherheitsbericht).<\/li>\n<\/ul>\n<p style=\"text-align: center;\"><span style=\"color: #ff6600;\">Kommen Sie zahlreich an die Mahnwache, um ein<br \/>\neindr\u00fcckliches Zeichen gegen den atomaren Wahnsinn zu setzen.<\/span><\/p>\n<p style=\"text-align: center;\">Gr\u00fcne Kanton Bern, Gr\u00fcne Schweiz, Junge Gr\u00fcne Bern, Junge Gr\u00fcne Schweiz, Greenpeace Schweiz, SP Kanton Bern, NWA Bern, WWF Kanton Bern (wird laufend erg\u00e4nzt)<\/p>\n<p style=\"text-align: right;\"><a href=\"http:\/\/www.oeko-gruppe-laupen.ch\/wordpress\/wp-content\/uploads\/2011\/03\/Flyer-Mahnwache-Bern-screen.pdf\">Flyer Mahnwache Bern <\/a><a href=\"http:\/\/www.oeko-gruppe-laupen.ch\/wordpress\/wp-content\/uploads\/2011\/03\/Flyer-Mahnwache-Bern-screen.pdf\"><img loading=\"lazy\" decoding=\"async\" class=\"alignright size-full wp-image-189\" title=\"pdf\" src=\"http:\/\/www.oeko-gruppe-laupen.ch\/wordpress\/wp-content\/uploads\/2011\/01\/pdf.jpg\" alt=\"\" width=\"47\" height=\"47\" \/><\/a><\/p>\n","protected":false},"excerpt":{"rendered":"<p>Mahnwache zur Atomkatastrophe in Fukushima, Japan. Ab Montag 14. M\u00e4rz t\u00e4glich, ca 18 bis 20 h auf dem Waisenhausplatz\/Bundesplatz in Bern Wir denken an die von der atomaren Katastrophe und dem verheerenden Erdbeben und Tsunami betroffene Bev\u00f6lkerung in Japan. Wir sind betroffen vom uns\u00e4glichen Ausmass an Leid. Die Katastrophe in [&hellip;]<\/p>\n","protected":false},"author":2,"featured_media":0,"comment_status":"closed","ping_status":"closed","sticky":false,"template":"","format":"standard","meta":{"footnotes":""},"categories":[28],"tags":[],"class_list":["post-295","post","type-post","status-publish","format-standard","hentry","category-aktivitaten"],"_links":{"self":[{"href":"https:\/\/www.oeko-gruppe-laupen.ch\/index.php?rest_route=\/wp\/v2\/posts\/295","targetHints":{"allow":["GET"]}}],"collection":[{"href":"https:\/\/www.oeko-gruppe-laupen.ch\/index.php?rest_route=\/wp\/v2\/posts"}],"about":[{"href":"https:\/\/www.oeko-gruppe-laupen.ch\/index.php?rest_route=\/wp\/v2\/types\/post"}],"author":[{"embeddable":true,"href":"https:\/\/www.oeko-gruppe-laupen.ch\/index.php?rest_route=\/wp\/v2\/users\/2"}],"replies":[{"embeddable":true,"href":"https:\/\/www.oeko-gruppe-laupen.ch\/index.php?rest_route=%2Fwp%2Fv2%2Fcomments&post=295"}],"version-history":[{"count":11,"href":"https:\/\/www.oeko-gruppe-laupen.ch\/index.php?rest_route=\/wp\/v2\/posts\/295\/revisions"}],"predecessor-version":[{"id":889,"href":"https:\/\/www.oeko-gruppe-laupen.ch\/index.php?rest_route=\/wp\/v2\/posts\/295\/revisions\/889"}],"wp:attachment":[{"href":"https:\/\/www.oeko-gruppe-laupen.ch\/index.php?rest_route=%2Fwp%2Fv2%2Fmedia&parent=295"}],"wp:term":[{"taxonomy":"category","embeddable":true,"href":"https:\/\/www.oeko-gruppe-laupen.ch\/index.php?rest_route=%2Fwp%2Fv2%2Fcategories&post=295"},{"taxonomy":"post_tag","embeddable":true,"href":"https:\/\/www.oeko-gruppe-laupen.ch\/index.php?rest_route=%2Fwp%2Fv2%2Ftags&post=295"}],"curies":[{"name":"wp","href":"https:\/\/api.w.org\/{rel}","templated":true}]}}