{"id":34,"date":"2011-01-24T10:39:53","date_gmt":"2011-01-24T09:39:53","guid":{"rendered":"http:\/\/www.oeko-gruppe-laupen.ch.asdfg.nine.ch\/wordpress\/?page_id=34"},"modified":"2021-11-03T09:28:29","modified_gmt":"2021-11-03T08:28:29","slug":"page-2","status":"publish","type":"post","link":"https:\/\/www.oeko-gruppe-laupen.ch\/?p=34","title":{"rendered":"Bessere Technik ersetzt Atomkraft"},"content":{"rendered":"<p>Das Bundesamt f\u00fcr Energie BFE stellte im Jahr 2007 vier  Energieszenarien vor: Im Szenario &#8220;Erneuerbar&#8221; sind Atom- und  Gaskraftwerke nicht vorgesehen, weil unn\u00f6tig. Schon nur dank  versch\u00e4rften Effizienzmassnahmen kann die Jahresproduktion des AKW  M\u00fchleberg mehr als 4 Mal eingespart werden:<\/p>\n<p><a href=\"http:\/\/www.oeko-gruppe-laupen.ch\/wordpress\/wp-content\/uploads\/2011\/01\/BessereTechnik.png\"><img loading=\"lazy\" decoding=\"async\" class=\"alignnone size-medium wp-image-73\" title=\"Bessere Technik - weniger Stromverschwendung\" src=\"http:\/\/www.oeko-gruppe-laupen.ch\/wordpress\/wp-content\/uploads\/2011\/01\/BessereTechnik-300x239.png\" alt=\"Bessere Technik - weniger Stromverschwendung\" width=\"300\" height=\"239\" srcset=\"https:\/\/www.oeko-gruppe-laupen.ch\/wrtdrck\/wp-content\/uploads\/2011\/01\/BessereTechnik-300x239.png 300w, https:\/\/www.oeko-gruppe-laupen.ch\/wrtdrck\/wp-content\/uploads\/2011\/01\/BessereTechnik.png 645w\" sizes=\"auto, (max-width: 300px) 100vw, 300px\" \/><\/a><\/p>\n<p><em>Grafik\u00a0aus\u00a0Brosch\u00fcre\u00a0der\u00a0Umweltallianz\u00a02009<br \/>\nEnergieszenarien\u00a0unter\u00a0www.uvek.admin.ch<\/em><\/p>\n<p><strong>NEIN\u00a0zu\u00a0neuem\u00a0AKW\u00a0M\u00fchleberg\u00a0am\u00a013.\u00a0Februar!<\/strong><\/p>\n<p>NEIN zu neuem AKW M\u00fchleberg am 13. Februar<\/p>\n","protected":false},"excerpt":{"rendered":"<p>Das Bundesamt f\u00fcr Energie BFE stellte im Jahr 2007 vier Energieszenarien vor: Im Szenario &#8220;Erneuerbar&#8221; sind Atom- und Gaskraftwerke nicht vorgesehen, weil unn\u00f6tig. Schon nur dank versch\u00e4rften Effizienzmassnahmen kann die Jahresproduktion des AKW M\u00fchleberg mehr als 4 Mal eingespart werden: Grafik\u00a0aus\u00a0Brosch\u00fcre\u00a0der\u00a0Umweltallianz\u00a02009 Energieszenarien\u00a0unter\u00a0www.uvek.admin.ch NEIN\u00a0zu\u00a0neuem\u00a0AKW\u00a0M\u00fchleberg\u00a0am\u00a013.\u00a0Februar! NEIN zu neuem AKW M\u00fchleberg am 13. [&hellip;]<\/p>\n","protected":false},"author":2,"featured_media":0,"comment_status":"closed","ping_status":"closed","sticky":false,"template":"","format":"standard","meta":{"footnotes":""},"categories":[4],"tags":[],"class_list":["post-34","post","type-post","status-publish","format-standard","hentry","category-akwnein"],"_links":{"self":[{"href":"https:\/\/www.oeko-gruppe-laupen.ch\/index.php?rest_route=\/wp\/v2\/posts\/34","targetHints":{"allow":["GET"]}}],"collection":[{"href":"https:\/\/www.oeko-gruppe-laupen.ch\/index.php?rest_route=\/wp\/v2\/posts"}],"about":[{"href":"https:\/\/www.oeko-gruppe-laupen.ch\/index.php?rest_route=\/wp\/v2\/types\/post"}],"author":[{"embeddable":true,"href":"https:\/\/www.oeko-gruppe-laupen.ch\/index.php?rest_route=\/wp\/v2\/users\/2"}],"replies":[{"embeddable":true,"href":"https:\/\/www.oeko-gruppe-laupen.ch\/index.php?rest_route=%2Fwp%2Fv2%2Fcomments&post=34"}],"version-history":[{"count":5,"href":"https:\/\/www.oeko-gruppe-laupen.ch\/index.php?rest_route=\/wp\/v2\/posts\/34\/revisions"}],"predecessor-version":[{"id":380,"href":"https:\/\/www.oeko-gruppe-laupen.ch\/index.php?rest_route=\/wp\/v2\/posts\/34\/revisions\/380"}],"wp:attachment":[{"href":"https:\/\/www.oeko-gruppe-laupen.ch\/index.php?rest_route=%2Fwp%2Fv2%2Fmedia&parent=34"}],"wp:term":[{"taxonomy":"category","embeddable":true,"href":"https:\/\/www.oeko-gruppe-laupen.ch\/index.php?rest_route=%2Fwp%2Fv2%2Fcategories&post=34"},{"taxonomy":"post_tag","embeddable":true,"href":"https:\/\/www.oeko-gruppe-laupen.ch\/index.php?rest_route=%2Fwp%2Fv2%2Ftags&post=34"}],"curies":[{"name":"wp","href":"https:\/\/api.w.org\/{rel}","templated":true}]}}