{"id":347,"date":"2011-06-12T11:32:36","date_gmt":"2011-06-12T10:32:36","guid":{"rendered":"http:\/\/www.oeko-gruppe-laupen.ch\/wordpress\/?page_id=347"},"modified":"2021-11-03T09:26:18","modified_gmt":"2021-11-03T08:26:18","slug":"mal-richtig-abschalten","status":"publish","type":"post","link":"https:\/\/www.oeko-gruppe-laupen.ch\/?p=347","title":{"rendered":"Mal richtig abschalten!"},"content":{"rendered":"<h4>Pfingstmontag, 13. Juni 2011, ab 14.00 Uhr:<\/h4>\n<p><strong>KUNDGEBUNG beim AKW in M\u00fchleberg <\/strong><\/p>\n<p><strong>Gemeinsame Anreise mit dem Velo: <\/strong>Bern:12.00 Viktoriaplatz (AKW-ADE-Camp),13.00 Hinterkappelen (Kreisel) Biel:11.00 Zentralplatz,12.00 Aarberg (Bahnhof) Fribourg:11.00 Place Georges-Python,12.00 D\u00fcdingen (Bahnhof),13.00 Laupen (Bahnhof)<\/p>\n<p><strong>Anreise mit Zug oder Bus:<\/strong><\/p>\n<p>Treffpunkt Bahnhof G\u00fcmmenen<br \/>\n<strong>12.00 Wanderung nach M\u00fchleberg (6.5 Kilometer) <\/strong><br \/>\nab 13.00\u00a0 Shuttlebusse ab G\u00fcmmenen (Richtpreis: 5 Fr.)<br \/>\noder individuell auf 14 Uhr zum AKW<\/p>\n<p><strong>! Die Oeko-Gruppe wandert ab G\u00fcmmenen !<\/strong><\/p>\n<p><strong>Mitnehmen:<\/strong> gewaltfreie und respektvolle Grundhaltung, Getr\u00e4nke und Verpflegung f\u00fcr unterwegs, Sonnen- und\/oder Regenschutz, M\u00e4tteli zum Abschalten vor Ort, Badezeug, Transparente, Plakate, Fahnen, etc.<\/p>\n<p><strong>14.00: Kundgebung vor dem AKW<\/strong><br \/>\n<strong>Ansprachen<\/strong> von<br \/>\nJ\u00fcrg Joss (Fokus Anti-Atom),<br \/>\nPhilippe de Rougemont (Sortir du Nucl\u00e9aire)<br \/>\nund einer Vertreterin des AKW-Ade-Camps<br \/>\n<strong>Konzerte<\/strong> mit <a href=\"http:\/\/www.myspace.com\/amarillobrillo\">Amarillo Brillo<\/a> und <a href=\"http:\/\/www.stillerhas.ch\/\">Stiller Haas<\/a><\/p>\n<p>Weiter Informationen: <a href=\"http:\/\/www.akw-ade.ch\"><strong>www.akw-ade.ch<\/strong><\/a><\/p>\n<p>www.oeko-gruppe-laupen.ch\u00a0 Spenden auf PC 34-4413-8<\/p>\n","protected":false},"excerpt":{"rendered":"<p>Pfingstmontag, 13. Juni 2011, ab 14.00 Uhr: KUNDGEBUNG beim AKW in M\u00fchleberg Gemeinsame Anreise mit dem Velo: Bern:12.00 Viktoriaplatz (AKW-ADE-Camp),13.00 Hinterkappelen (Kreisel) Biel:11.00 Zentralplatz,12.00 Aarberg (Bahnhof) Fribourg:11.00 Place Georges-Python,12.00 D\u00fcdingen (Bahnhof),13.00 Laupen (Bahnhof) Anreise mit Zug oder Bus: Treffpunkt Bahnhof G\u00fcmmenen 12.00 Wanderung nach M\u00fchleberg (6.5 Kilometer) ab 13.00\u00a0 Shuttlebusse [&hellip;]<\/p>\n","protected":false},"author":2,"featured_media":0,"comment_status":"closed","ping_status":"closed","sticky":false,"template":"","format":"standard","meta":{"footnotes":""},"categories":[28],"tags":[],"class_list":["post-347","post","type-post","status-publish","format-standard","hentry","category-aktivitaten"],"_links":{"self":[{"href":"https:\/\/www.oeko-gruppe-laupen.ch\/index.php?rest_route=\/wp\/v2\/posts\/347","targetHints":{"allow":["GET"]}}],"collection":[{"href":"https:\/\/www.oeko-gruppe-laupen.ch\/index.php?rest_route=\/wp\/v2\/posts"}],"about":[{"href":"https:\/\/www.oeko-gruppe-laupen.ch\/index.php?rest_route=\/wp\/v2\/types\/post"}],"author":[{"embeddable":true,"href":"https:\/\/www.oeko-gruppe-laupen.ch\/index.php?rest_route=\/wp\/v2\/users\/2"}],"replies":[{"embeddable":true,"href":"https:\/\/www.oeko-gruppe-laupen.ch\/index.php?rest_route=%2Fwp%2Fv2%2Fcomments&post=347"}],"version-history":[{"count":5,"href":"https:\/\/www.oeko-gruppe-laupen.ch\/index.php?rest_route=\/wp\/v2\/posts\/347\/revisions"}],"predecessor-version":[{"id":890,"href":"https:\/\/www.oeko-gruppe-laupen.ch\/index.php?rest_route=\/wp\/v2\/posts\/347\/revisions\/890"}],"wp:attachment":[{"href":"https:\/\/www.oeko-gruppe-laupen.ch\/index.php?rest_route=%2Fwp%2Fv2%2Fmedia&parent=347"}],"wp:term":[{"taxonomy":"category","embeddable":true,"href":"https:\/\/www.oeko-gruppe-laupen.ch\/index.php?rest_route=%2Fwp%2Fv2%2Fcategories&post=347"},{"taxonomy":"post_tag","embeddable":true,"href":"https:\/\/www.oeko-gruppe-laupen.ch\/index.php?rest_route=%2Fwp%2Fv2%2Ftags&post=347"}],"curies":[{"name":"wp","href":"https:\/\/api.w.org\/{rel}","templated":true}]}}