{"id":414,"date":"2012-01-27T14:17:47","date_gmt":"2012-01-27T13:17:47","guid":{"rendered":"http:\/\/www.oeko-gruppe-laupen.ch\/?page_id=414"},"modified":"2021-11-03T09:47:07","modified_gmt":"2021-11-03T08:47:07","slug":"menschenstrom-2012","status":"publish","type":"post","link":"https:\/\/www.oeko-gruppe-laupen.ch\/?p=414","title":{"rendered":"Menschenstrom M\u00e4rz 2012"},"content":{"rendered":"<p>Am Sonntag 11. M\u00e4rz findet DIE Anti-AKW Demonstration &#8220;Menschenstrom&#8221; in M\u00fchleberg statt. Wir von der Oeko-Gruppe Laupen sind auch dabei!<\/p>\n<p>Weitere Informationen zum <a title=\"Menschenstrom\" href=\"http:\/\/www.menschenstrom.ch\/\">Menschenstrom<\/a><\/p>\n<p style=\"text-align: center;\"><a href=\"http:\/\/www.oeko-gruppe-laupen.ch\/wordpress\/wp-content\/uploads\/2012\/01\/pixture_logo.png\"><img loading=\"lazy\" decoding=\"async\" class=\"size-medium wp-image-472 aligncenter\" title=\"pixture_logo\" src=\"http:\/\/www.oeko-gruppe-laupen.ch\/wordpress\/wp-content\/uploads\/2012\/01\/pixture_logo-300x61.png\" alt=\"\" width=\"300\" height=\"61\" srcset=\"https:\/\/www.oeko-gruppe-laupen.ch\/wrtdrck\/wp-content\/uploads\/2012\/01\/pixture_logo-300x61.png 300w, https:\/\/www.oeko-gruppe-laupen.ch\/wrtdrck\/wp-content\/uploads\/2012\/01\/pixture_logo.png 800w\" sizes=\"auto, (max-width: 300px) 100vw, 300px\" \/><\/a><\/p>\n<p>&nbsp;<\/p>\n","protected":false},"excerpt":{"rendered":"<p>Am Sonntag 11. M\u00e4rz findet DIE Anti-AKW Demonstration &#8220;Menschenstrom&#8221; in M\u00fchleberg statt. Wir von der Oeko-Gruppe Laupen sind auch dabei! Weitere Informationen zum Menschenstrom &nbsp;<\/p>\n","protected":false},"author":2,"featured_media":0,"comment_status":"closed","ping_status":"closed","sticky":false,"template":"","format":"standard","meta":{"footnotes":""},"categories":[28,4],"tags":[],"class_list":["post-414","post","type-post","status-publish","format-standard","hentry","category-aktivitaten","category-akwnein"],"_links":{"self":[{"href":"https:\/\/www.oeko-gruppe-laupen.ch\/index.php?rest_route=\/wp\/v2\/posts\/414","targetHints":{"allow":["GET"]}}],"collection":[{"href":"https:\/\/www.oeko-gruppe-laupen.ch\/index.php?rest_route=\/wp\/v2\/posts"}],"about":[{"href":"https:\/\/www.oeko-gruppe-laupen.ch\/index.php?rest_route=\/wp\/v2\/types\/post"}],"author":[{"embeddable":true,"href":"https:\/\/www.oeko-gruppe-laupen.ch\/index.php?rest_route=\/wp\/v2\/users\/2"}],"replies":[{"embeddable":true,"href":"https:\/\/www.oeko-gruppe-laupen.ch\/index.php?rest_route=%2Fwp%2Fv2%2Fcomments&post=414"}],"version-history":[{"count":12,"href":"https:\/\/www.oeko-gruppe-laupen.ch\/index.php?rest_route=\/wp\/v2\/posts\/414\/revisions"}],"predecessor-version":[{"id":925,"href":"https:\/\/www.oeko-gruppe-laupen.ch\/index.php?rest_route=\/wp\/v2\/posts\/414\/revisions\/925"}],"wp:attachment":[{"href":"https:\/\/www.oeko-gruppe-laupen.ch\/index.php?rest_route=%2Fwp%2Fv2%2Fmedia&parent=414"}],"wp:term":[{"taxonomy":"category","embeddable":true,"href":"https:\/\/www.oeko-gruppe-laupen.ch\/index.php?rest_route=%2Fwp%2Fv2%2Fcategories&post=414"},{"taxonomy":"post_tag","embeddable":true,"href":"https:\/\/www.oeko-gruppe-laupen.ch\/index.php?rest_route=%2Fwp%2Fv2%2Ftags&post=414"}],"curies":[{"name":"wp","href":"https:\/\/api.w.org\/{rel}","templated":true}]}}