{"id":526,"date":"2013-07-01T04:26:41","date_gmt":"2013-07-01T03:26:41","guid":{"rendered":"http:\/\/www.oeko-gruppe-laupen.ch\/?page_id=526"},"modified":"2021-11-03T09:47:24","modified_gmt":"2021-11-03T08:47:24","slug":"vernehmlassung","status":"publish","type":"post","link":"https:\/\/www.oeko-gruppe-laupen.ch\/?p=526","title":{"rendered":"Vernehmlassung"},"content":{"rendered":"<p><b><b>Laupen, 30.05.2013. <\/b>Die Oeko-Gruppe Laupen schickt ihre Stellungnahme zum Gegenvorschlag zur Initiative \u201eM\u00fchleberg vom Netz\u201c mit eingeschw\u00e4rzten Textstellen an den Regierungsrat<span style=\"color: #000000;\">.<\/span>\u00a0Die Oeko-Gruppe Laupen tut ihren Unmut zum Gegenvorschlag zur Initiative \u201eM\u00fchleberg vom Netz\u201c mit einem eingeschw\u00e4rzten Brief kund. Dies als Reaktion auf die massiv abgedeckten Dokumente der BKW und des ENSI, welche eine unabh\u00e4ngige Beurteilung des Zustandes des AKW und der Staumauer verunm\u00f6glichten.<\/b><b>\u00a0<\/b><\/p>\n<p>Die Oeko-Gruppe nimmt Stellung zum Gegenvorschlag der Berner Regierung zur kantonalen Initiative \u201eM\u00fchleberg vom Netz\u201c. Die Regierung beabsichtigt in ihrem Gegenvorschlag der BKW weitestgehend freie Hand zur Ausserbetriebnahme zu lassen. Die Oeko-Gruppe Laupen st\u00f6rt sich daran, dass die wichtigsten Nachr\u00fcstungen nicht sofort, sondern erst 2017 umgesetzt werden m\u00fcssen.<\/p>\n<p>Die Vorgaben des ENSI zeigten, dass der Reaktor Defizite aufweist. \u201eEin Verschieben dieser Nachr\u00fcstungen auf sp\u00e4ter ist kaum sinnvoll und nimmt nicht R\u00fccksicht auf die Sicherheitsbelange der Bev\u00f6lkerung\u201c, sagt Rainer Burki, Mitglied der Oeko-Gruppe. Der Stellungnahme sei bewusst mit eingeschw\u00e4rzten Stellen versehen worden, um auf die Informationsmissst\u00e4nde bei ENSI und BKW hinzuweisen. \u201eMit solchen Dokumenten l\u00e4sst sich gar nichts \u00fcberpr\u00fcfen, beim Notstromdiesel wurde jede Gr\u00f6sse wie Leistung, Tankinhalt oder Verbrauch abgedeckt, bei der Staumauer kann man nicht wissen, wie sich diese im Erdbebenfall verh\u00e4lt, weil alle Diagramme abgedeckt wurden\u201c, so Burki. Die Oeko-Gruppe Laupen m\u00f6chte, dass die BKW Behauptungen mit verifizierbaren Dokumenten belegt.<\/p>\n<p>PDF: <a href=\"http:\/\/www.oeko-gruppe-laupen.ch\/wordpress\/wp-content\/uploads\/2013\/07\/GegenvorschlagInitiative_OekoGruppeLaupen.pdf\">Brief an Regierungsrat<\/a><\/p>\n","protected":false},"excerpt":{"rendered":"<p>Laupen, 30.05.2013. Die Oeko-Gruppe Laupen schickt ihre Stellungnahme zum Gegenvorschlag zur Initiative \u201eM\u00fchleberg vom Netz\u201c mit eingeschw\u00e4rzten Textstellen an den Regierungsrat.\u00a0Die Oeko-Gruppe Laupen tut ihren Unmut zum Gegenvorschlag zur Initiative \u201eM\u00fchleberg vom Netz\u201c mit einem eingeschw\u00e4rzten Brief kund. Dies als Reaktion auf die massiv abgedeckten Dokumente der BKW und des [&hellip;]<\/p>\n","protected":false},"author":2,"featured_media":0,"comment_status":"closed","ping_status":"closed","sticky":false,"template":"","format":"standard","meta":{"footnotes":""},"categories":[4,11],"tags":[],"class_list":["post-526","post","type-post","status-publish","format-standard","hentry","category-akwnein","category-ensi-justiz"],"_links":{"self":[{"href":"https:\/\/www.oeko-gruppe-laupen.ch\/index.php?rest_route=\/wp\/v2\/posts\/526","targetHints":{"allow":["GET"]}}],"collection":[{"href":"https:\/\/www.oeko-gruppe-laupen.ch\/index.php?rest_route=\/wp\/v2\/posts"}],"about":[{"href":"https:\/\/www.oeko-gruppe-laupen.ch\/index.php?rest_route=\/wp\/v2\/types\/post"}],"author":[{"embeddable":true,"href":"https:\/\/www.oeko-gruppe-laupen.ch\/index.php?rest_route=\/wp\/v2\/users\/2"}],"replies":[{"embeddable":true,"href":"https:\/\/www.oeko-gruppe-laupen.ch\/index.php?rest_route=%2Fwp%2Fv2%2Fcomments&post=526"}],"version-history":[{"count":2,"href":"https:\/\/www.oeko-gruppe-laupen.ch\/index.php?rest_route=\/wp\/v2\/posts\/526\/revisions"}],"predecessor-version":[{"id":892,"href":"https:\/\/www.oeko-gruppe-laupen.ch\/index.php?rest_route=\/wp\/v2\/posts\/526\/revisions\/892"}],"wp:attachment":[{"href":"https:\/\/www.oeko-gruppe-laupen.ch\/index.php?rest_route=%2Fwp%2Fv2%2Fmedia&parent=526"}],"wp:term":[{"taxonomy":"category","embeddable":true,"href":"https:\/\/www.oeko-gruppe-laupen.ch\/index.php?rest_route=%2Fwp%2Fv2%2Fcategories&post=526"},{"taxonomy":"post_tag","embeddable":true,"href":"https:\/\/www.oeko-gruppe-laupen.ch\/index.php?rest_route=%2Fwp%2Fv2%2Ftags&post=526"}],"curies":[{"name":"wp","href":"https:\/\/api.w.org\/{rel}","templated":true}]}}