{"id":767,"date":"2014-04-06T10:26:35","date_gmt":"2014-04-06T09:26:35","guid":{"rendered":"http:\/\/www.oeko-gruppe-laupen.ch\/?p=767"},"modified":"2021-08-17T12:09:16","modified_gmt":"2021-08-17T11:09:16","slug":"keine-garantie-fur-2019","status":"publish","type":"post","link":"https:\/\/www.oeko-gruppe-laupen.ch\/?p=767","title":{"rendered":"Keine Garantie f\u00fcr 2019"},"content":{"rendered":"<div dir=\"ltr\" data-font-name=\"g_font_p0_1\" data-canvas-width=\"379.57352422714234\"><a href=\"http:\/\/www.oeko-gruppe-laupen.ch\/wrtdrck\/wp-content\/uploads\/2014\/04\/Leuthardt.png\"><img loading=\"lazy\" decoding=\"async\" class=\"alignnone wp-image-775 size-full\" style=\"margin-right: 20px;\" src=\"http:\/\/www.oeko-gruppe-laupen.ch\/wrtdrck\/wp-content\/uploads\/2014\/04\/Leuthardt.png\" alt=\"\" width=\"398\" height=\"265\" \/><\/a>Gem\u00e4ss Bundesr\u00e4tin Doris Leuthard gibt es keine<\/div>\n<div dir=\"ltr\" data-font-name=\"g_font_p0_1\" data-canvas-width=\"381.1467605781556\">Garantie, dass die BKW das AKW M\u00fchleberg 2019<\/div>\n<div dir=\"ltr\" data-font-name=\"g_font_p0_1\" data-canvas-width=\"332.25541551589964\">abstellt. Die BKW kann ihre Meinung \u2013 \u201eaus<\/div>\n<div dir=\"ltr\" data-font-name=\"g_font_p0_1\" data-canvas-width=\"414.850323944092\">wirtschaftlichen Gr\u00fcnden\u201c &#8211; jederzeit \u00e4ndern, denn sie<\/div>\n<div dir=\"ltr\" data-font-name=\"g_font_p0_1\" data-canvas-width=\"400.2827604246139\">verf\u00fcgen \u00fcber eine unbefristete Betriebsbewilligung.<\/div>\n<div dir=\"ltr\" data-font-name=\"g_font_p0_2\" data-canvas-width=\"416.7540292663576\">JA am 18. Mai zu M\u00fchleberg vom Netz \u2013 jetzt!<\/div>\n<p>&nbsp;<\/p>\n<p><a href=\"http:\/\/www.oeko-gruppe-laupen.ch\/wordpress\/wp-content\/uploads\/2014\/04\/Leuthardt_113.pdf\">Keine Garantie (PDF)<\/a><\/p>\n<p>&nbsp;<\/p>\n","protected":false},"excerpt":{"rendered":"<p>Gem\u00e4ss Bundesr\u00e4tin Doris Leuthard gibt es keine Garantie, dass die BKW das AKW M\u00fchleberg 2019 abstellt. Die BKW kann ihre Meinung \u2013 \u201eaus wirtschaftlichen Gr\u00fcnden\u201c &#8211; jederzeit \u00e4ndern, denn sie verf\u00fcgen \u00fcber eine unbefristete Betriebsbewilligung. JA am 18. Mai zu M\u00fchleberg vom Netz \u2013 jetzt! &nbsp; Keine Garantie (PDF) &nbsp;<\/p>\n","protected":false},"author":2,"featured_media":0,"comment_status":"closed","ping_status":"closed","sticky":false,"template":"","format":"standard","meta":{"footnotes":""},"categories":[4,10],"tags":[],"class_list":["post-767","post","type-post","status-publish","format-standard","hentry","category-akwnein","category-inseratekampagne"],"_links":{"self":[{"href":"https:\/\/www.oeko-gruppe-laupen.ch\/index.php?rest_route=\/wp\/v2\/posts\/767","targetHints":{"allow":["GET"]}}],"collection":[{"href":"https:\/\/www.oeko-gruppe-laupen.ch\/index.php?rest_route=\/wp\/v2\/posts"}],"about":[{"href":"https:\/\/www.oeko-gruppe-laupen.ch\/index.php?rest_route=\/wp\/v2\/types\/post"}],"author":[{"embeddable":true,"href":"https:\/\/www.oeko-gruppe-laupen.ch\/index.php?rest_route=\/wp\/v2\/users\/2"}],"replies":[{"embeddable":true,"href":"https:\/\/www.oeko-gruppe-laupen.ch\/index.php?rest_route=%2Fwp%2Fv2%2Fcomments&post=767"}],"version-history":[{"count":10,"href":"https:\/\/www.oeko-gruppe-laupen.ch\/index.php?rest_route=\/wp\/v2\/posts\/767\/revisions"}],"predecessor-version":[{"id":953,"href":"https:\/\/www.oeko-gruppe-laupen.ch\/index.php?rest_route=\/wp\/v2\/posts\/767\/revisions\/953"}],"wp:attachment":[{"href":"https:\/\/www.oeko-gruppe-laupen.ch\/index.php?rest_route=%2Fwp%2Fv2%2Fmedia&parent=767"}],"wp:term":[{"taxonomy":"category","embeddable":true,"href":"https:\/\/www.oeko-gruppe-laupen.ch\/index.php?rest_route=%2Fwp%2Fv2%2Fcategories&post=767"},{"taxonomy":"post_tag","embeddable":true,"href":"https:\/\/www.oeko-gruppe-laupen.ch\/index.php?rest_route=%2Fwp%2Fv2%2Ftags&post=767"}],"curies":[{"name":"wp","href":"https:\/\/api.w.org\/{rel}","templated":true}]}}