{"id":77,"date":"2011-01-24T23:39:47","date_gmt":"2011-01-24T22:39:47","guid":{"rendered":"http:\/\/www.oeko-gruppe-laupen.ch.asdfg.nine.ch\/wordpress\/?page_id=77"},"modified":"2021-11-03T09:26:41","modified_gmt":"2021-11-03T08:26:41","slug":"1000000%c2%a0jahre%c2%a0atommull","status":"publish","type":"post","link":"https:\/\/www.oeko-gruppe-laupen.ch\/?p=77","title":{"rendered":"1\u2019000\u2019000\u00a0Jahre\u00a0Atomm\u00fcll"},"content":{"rendered":"<p><strong>Atomm\u00fcll ist eine Million Jahre lang eine Gefahr f\u00fcr unsere Nachfahren<\/strong><\/p>\n<p>Bis die Strahlung der radioaktiven Abfallstoffe aus den Atomkraftwerken einigerma\u00dfen abgeklungen ist,\u00a0 dauert es ungef\u00e4hr eine\u00a0 Million\u00a0\u00a0 Jahre. So lange muss der Atomm\u00fcll von Mensch und Biosph\u00e4re ferngehalten werden.<br \/>\nH\u00e4tten\u00a0\u00a0 die\u00a0\u00a0 Neandertaler\u00a0\u00a0 vor\u00a0\u00a0 30&#8217;000\u00a0\u00a0 Jahren Atomkraftwerke\u00a0\u00a0 betrieben\u00a0\u00a0 und\u00a0\u00a0 ihren\u00a0\u00a0 Atomm\u00fcll irgendwo\u00a0\u00a0 vergraben,\u00a0\u00a0 so\u00a0\u00a0 w\u00fcrde\u00a0\u00a0 er\u00a0\u00a0 heute\u00a0\u00a0 noch t\u00f6dlich strahlen \u2013 und wir m\u00fcssten wissen, wo wir unter\u00a0\u00a0 keinen\u00a0\u00a0 Umst\u00e4nden\u00a0\u00a0 graben\u00a0\u00a0 d\u00fcrften. (<a title=\"www.100\u00adgute\u00adgruende.de\" href=\"http:\/\/www.100\u00adgute\u00adgruende.de\" target=\"_blank\" rel=\"noopener\">www.100\u00adgute\u00adgruende.de<\/a>)<\/p>\n<p>Mehr erfahren Sie im n\u00e4chsten Amtsanzeiger!<\/p>\n","protected":false},"excerpt":{"rendered":"<p>Atomm\u00fcll ist eine Million Jahre lang eine Gefahr f\u00fcr unsere Nachfahren Bis die Strahlung der radioaktiven Abfallstoffe aus den Atomkraftwerken einigerma\u00dfen abgeklungen ist,\u00a0 dauert es ungef\u00e4hr eine\u00a0 Million\u00a0\u00a0 Jahre. So lange muss der Atomm\u00fcll von Mensch und Biosph\u00e4re ferngehalten werden. H\u00e4tten\u00a0\u00a0 die\u00a0\u00a0 Neandertaler\u00a0\u00a0 vor\u00a0\u00a0 30&#8217;000\u00a0\u00a0 Jahren Atomkraftwerke\u00a0\u00a0 betrieben\u00a0\u00a0 und\u00a0\u00a0 ihren\u00a0\u00a0 [&hellip;]<\/p>\n","protected":false},"author":2,"featured_media":0,"comment_status":"closed","ping_status":"closed","sticky":false,"template":"","format":"standard","meta":{"footnotes":""},"categories":[4],"tags":[],"class_list":["post-77","post","type-post","status-publish","format-standard","hentry","category-akwnein"],"_links":{"self":[{"href":"https:\/\/www.oeko-gruppe-laupen.ch\/index.php?rest_route=\/wp\/v2\/posts\/77","targetHints":{"allow":["GET"]}}],"collection":[{"href":"https:\/\/www.oeko-gruppe-laupen.ch\/index.php?rest_route=\/wp\/v2\/posts"}],"about":[{"href":"https:\/\/www.oeko-gruppe-laupen.ch\/index.php?rest_route=\/wp\/v2\/types\/post"}],"author":[{"embeddable":true,"href":"https:\/\/www.oeko-gruppe-laupen.ch\/index.php?rest_route=\/wp\/v2\/users\/2"}],"replies":[{"embeddable":true,"href":"https:\/\/www.oeko-gruppe-laupen.ch\/index.php?rest_route=%2Fwp%2Fv2%2Fcomments&post=77"}],"version-history":[{"count":6,"href":"https:\/\/www.oeko-gruppe-laupen.ch\/index.php?rest_route=\/wp\/v2\/posts\/77\/revisions"}],"predecessor-version":[{"id":1225,"href":"https:\/\/www.oeko-gruppe-laupen.ch\/index.php?rest_route=\/wp\/v2\/posts\/77\/revisions\/1225"}],"wp:attachment":[{"href":"https:\/\/www.oeko-gruppe-laupen.ch\/index.php?rest_route=%2Fwp%2Fv2%2Fmedia&parent=77"}],"wp:term":[{"taxonomy":"category","embeddable":true,"href":"https:\/\/www.oeko-gruppe-laupen.ch\/index.php?rest_route=%2Fwp%2Fv2%2Fcategories&post=77"},{"taxonomy":"post_tag","embeddable":true,"href":"https:\/\/www.oeko-gruppe-laupen.ch\/index.php?rest_route=%2Fwp%2Fv2%2Ftags&post=77"}],"curies":[{"name":"wp","href":"https:\/\/api.w.org\/{rel}","templated":true}]}}