{"id":781,"date":"2014-04-06T10:35:25","date_gmt":"2014-04-06T09:35:25","guid":{"rendered":"http:\/\/www.oeko-gruppe-laupen.ch\/?p=781"},"modified":"2021-08-17T12:09:11","modified_gmt":"2021-08-17T11:09:11","slug":"harte-kritik-des-ensi-an-bkw-spitze","status":"publish","type":"post","link":"https:\/\/www.oeko-gruppe-laupen.ch\/?p=781","title":{"rendered":"Harte Kritik des ENSI an BKW-Spitze"},"content":{"rendered":"<p><a href=\"http:\/\/www.oeko-gruppe-laupen.ch\/wrtdrck\/wp-content\/uploads\/2014\/04\/KritikBKW-Spitze.png\"><img loading=\"lazy\" decoding=\"async\" class=\"alignnone wp-image-773 size-full\" style=\"margin-right: 20px;\" src=\"http:\/\/www.oeko-gruppe-laupen.ch\/wrtdrck\/wp-content\/uploads\/2014\/04\/KritikBKW-Spitze.png\" alt=\"\" width=\"398\" height=\"265\" \/><\/a>Die Atomaufsichtsbeh\u00f6rde ENSI kritisiert den Verwaltungsrat<br \/>\nder BKW, er nehme seine Verantwortung f\u00fcr die AKW-<br \/>\nSicherheit ungen\u00fcgend wahr.<\/p>\n","protected":false},"excerpt":{"rendered":"<p>Die Atomaufsichtsbeh\u00f6rde ENSI kritisiert den Verwaltungsrat der BKW, er nehme seine Verantwortung f\u00fcr die AKW- Sicherheit ungen\u00fcgend wahr.<\/p>\n","protected":false},"author":2,"featured_media":0,"comment_status":"closed","ping_status":"closed","sticky":false,"template":"","format":"standard","meta":{"footnotes":""},"categories":[4,10],"tags":[],"class_list":["post-781","post","type-post","status-publish","format-standard","hentry","category-akwnein","category-inseratekampagne"],"_links":{"self":[{"href":"https:\/\/www.oeko-gruppe-laupen.ch\/index.php?rest_route=\/wp\/v2\/posts\/781","targetHints":{"allow":["GET"]}}],"collection":[{"href":"https:\/\/www.oeko-gruppe-laupen.ch\/index.php?rest_route=\/wp\/v2\/posts"}],"about":[{"href":"https:\/\/www.oeko-gruppe-laupen.ch\/index.php?rest_route=\/wp\/v2\/types\/post"}],"author":[{"embeddable":true,"href":"https:\/\/www.oeko-gruppe-laupen.ch\/index.php?rest_route=\/wp\/v2\/users\/2"}],"replies":[{"embeddable":true,"href":"https:\/\/www.oeko-gruppe-laupen.ch\/index.php?rest_route=%2Fwp%2Fv2%2Fcomments&post=781"}],"version-history":[{"count":9,"href":"https:\/\/www.oeko-gruppe-laupen.ch\/index.php?rest_route=\/wp\/v2\/posts\/781\/revisions"}],"predecessor-version":[{"id":951,"href":"https:\/\/www.oeko-gruppe-laupen.ch\/index.php?rest_route=\/wp\/v2\/posts\/781\/revisions\/951"}],"wp:attachment":[{"href":"https:\/\/www.oeko-gruppe-laupen.ch\/index.php?rest_route=%2Fwp%2Fv2%2Fmedia&parent=781"}],"wp:term":[{"taxonomy":"category","embeddable":true,"href":"https:\/\/www.oeko-gruppe-laupen.ch\/index.php?rest_route=%2Fwp%2Fv2%2Fcategories&post=781"},{"taxonomy":"post_tag","embeddable":true,"href":"https:\/\/www.oeko-gruppe-laupen.ch\/index.php?rest_route=%2Fwp%2Fv2%2Ftags&post=781"}],"curies":[{"name":"wp","href":"https:\/\/api.w.org\/{rel}","templated":true}]}}