{"id":784,"date":"2014-04-06T10:37:31","date_gmt":"2014-04-06T09:37:31","guid":{"rendered":"http:\/\/www.oeko-gruppe-laupen.ch\/?p=784"},"modified":"2021-08-17T12:09:06","modified_gmt":"2021-08-17T11:09:06","slug":"flugzeugabsturz","status":"publish","type":"post","link":"https:\/\/www.oeko-gruppe-laupen.ch\/?p=784","title":{"rendered":"Flugzeugabsturz"},"content":{"rendered":"<p><a href=\"http:\/\/www.oeko-gruppe-laupen.ch\/wrtdrck\/wp-content\/uploads\/2014\/04\/Anschlag9_11.png\"><img loading=\"lazy\" decoding=\"async\" class=\"alignnone wp-image-774 size-full\" style=\"margin-right: 20px;\" src=\"http:\/\/www.oeko-gruppe-laupen.ch\/wrtdrck\/wp-content\/uploads\/2014\/04\/Anschlag9_11.png\" alt=\"\" width=\"397\" height=\"264\" \/><\/a>M\u00fchleberg w\u00fcrde einem Anschlag wie bei 9\/11<br \/>\nnicht standhalten: Statt der \u00fcblichen 1,6 m dicken<br \/>\nBetondecke hat das AKW nur eine 16 cm d\u00fcnne<br \/>\nDecke, weniger als Standard bei Einfamilien-<br \/>\nh\u00e4usern. Darum am 18. Mai:<br \/>\n<strong>JA zu M\u00fchleberg vom Netz \u2013 jetzt!<\/strong><\/p>\n","protected":false},"excerpt":{"rendered":"<p>M\u00fchleberg w\u00fcrde einem Anschlag wie bei 9\/11 nicht standhalten: Statt der \u00fcblichen 1,6 m dicken Betondecke hat das AKW nur eine 16 cm d\u00fcnne Decke, weniger als Standard bei Einfamilien- h\u00e4usern. Darum am 18. Mai: JA zu M\u00fchleberg vom Netz \u2013 jetzt!<\/p>\n","protected":false},"author":2,"featured_media":0,"comment_status":"closed","ping_status":"closed","sticky":false,"template":"","format":"standard","meta":{"footnotes":""},"categories":[4,10],"tags":[],"class_list":["post-784","post","type-post","status-publish","format-standard","hentry","category-akwnein","category-inseratekampagne"],"_links":{"self":[{"href":"https:\/\/www.oeko-gruppe-laupen.ch\/index.php?rest_route=\/wp\/v2\/posts\/784","targetHints":{"allow":["GET"]}}],"collection":[{"href":"https:\/\/www.oeko-gruppe-laupen.ch\/index.php?rest_route=\/wp\/v2\/posts"}],"about":[{"href":"https:\/\/www.oeko-gruppe-laupen.ch\/index.php?rest_route=\/wp\/v2\/types\/post"}],"author":[{"embeddable":true,"href":"https:\/\/www.oeko-gruppe-laupen.ch\/index.php?rest_route=\/wp\/v2\/users\/2"}],"replies":[{"embeddable":true,"href":"https:\/\/www.oeko-gruppe-laupen.ch\/index.php?rest_route=%2Fwp%2Fv2%2Fcomments&post=784"}],"version-history":[{"count":8,"href":"https:\/\/www.oeko-gruppe-laupen.ch\/index.php?rest_route=\/wp\/v2\/posts\/784\/revisions"}],"predecessor-version":[{"id":947,"href":"https:\/\/www.oeko-gruppe-laupen.ch\/index.php?rest_route=\/wp\/v2\/posts\/784\/revisions\/947"}],"wp:attachment":[{"href":"https:\/\/www.oeko-gruppe-laupen.ch\/index.php?rest_route=%2Fwp%2Fv2%2Fmedia&parent=784"}],"wp:term":[{"taxonomy":"category","embeddable":true,"href":"https:\/\/www.oeko-gruppe-laupen.ch\/index.php?rest_route=%2Fwp%2Fv2%2Fcategories&post=784"},{"taxonomy":"post_tag","embeddable":true,"href":"https:\/\/www.oeko-gruppe-laupen.ch\/index.php?rest_route=%2Fwp%2Fv2%2Ftags&post=784"}],"curies":[{"name":"wp","href":"https:\/\/api.w.org\/{rel}","templated":true}]}}