{"id":956,"date":"2020-09-16T14:39:46","date_gmt":"2020-09-16T13:39:46","guid":{"rendered":"http:\/\/www.oeko-gruppe-laupen.ch\/?p=956"},"modified":"2021-11-02T11:07:02","modified_gmt":"2021-11-02T10:07:02","slug":"bls-werkstatte-petition-eingereicht","status":"publish","type":"post","link":"https:\/\/www.oeko-gruppe-laupen.ch\/?p=956","title":{"rendered":"BLS Werkst\u00e4tte &#8211; Petition eingereicht"},"content":{"rendered":"\n<p>Die neu geplante BLS-Werkst\u00e4tte im Chliforst im Westen der Stadt Bern kommt auch seitens der Gemeinde M\u00fchleberg unter Druck. Eine Gruppe von B\u00fcrgerinnen und B\u00fcrgern hat dem Gemeinderat M\u00fchleberg am 17. September 2020 eine Petition \u00fcberreicht, in welcher dieser aufgefordert wird, sich aktiv gegen das Vorhaben zu wehren. Die Petition verlangt, dass M\u00fchleberg zusammen mit der Gemeinde Frauenkappelen gegen das Vorhaben Beschwerde bis vor Bundesgericht f\u00fchrt.<\/p>\n\n\n\n<p><a href=\"http:\/\/www.natur-pur-muehleberg.ch\" data-type=\"URL\" data-id=\"www.natur-pur-muehleberg.ch\">www.natur-pur-muehleberg.ch<\/a><\/p>\n","protected":false},"excerpt":{"rendered":"<p>Die neu geplante BLS-Werkst\u00e4tte im Chliforst im Westen der Stadt Bern kommt auch seitens der Gemeinde M\u00fchleberg unter Druck. Eine Gruppe von B\u00fcrgerinnen und B\u00fcrgern hat dem Gemeinderat M\u00fchleberg am 17. September 2020 eine Petition \u00fcberreicht, in welcher dieser aufgefordert wird, sich aktiv gegen das Vorhaben zu wehren. Die Petition [&hellip;]<\/p>\n","protected":false},"author":2,"featured_media":0,"comment_status":"closed","ping_status":"closed","sticky":false,"template":"","format":"standard","meta":{"footnotes":""},"categories":[20,17],"tags":[],"class_list":["post-956","post","type-post","status-publish","format-standard","hentry","category-bls-werkstaette","category-umwelt"],"_links":{"self":[{"href":"https:\/\/www.oeko-gruppe-laupen.ch\/index.php?rest_route=\/wp\/v2\/posts\/956","targetHints":{"allow":["GET"]}}],"collection":[{"href":"https:\/\/www.oeko-gruppe-laupen.ch\/index.php?rest_route=\/wp\/v2\/posts"}],"about":[{"href":"https:\/\/www.oeko-gruppe-laupen.ch\/index.php?rest_route=\/wp\/v2\/types\/post"}],"author":[{"embeddable":true,"href":"https:\/\/www.oeko-gruppe-laupen.ch\/index.php?rest_route=\/wp\/v2\/users\/2"}],"replies":[{"embeddable":true,"href":"https:\/\/www.oeko-gruppe-laupen.ch\/index.php?rest_route=%2Fwp%2Fv2%2Fcomments&post=956"}],"version-history":[{"count":2,"href":"https:\/\/www.oeko-gruppe-laupen.ch\/index.php?rest_route=\/wp\/v2\/posts\/956\/revisions"}],"predecessor-version":[{"id":1156,"href":"https:\/\/www.oeko-gruppe-laupen.ch\/index.php?rest_route=\/wp\/v2\/posts\/956\/revisions\/1156"}],"wp:attachment":[{"href":"https:\/\/www.oeko-gruppe-laupen.ch\/index.php?rest_route=%2Fwp%2Fv2%2Fmedia&parent=956"}],"wp:term":[{"taxonomy":"category","embeddable":true,"href":"https:\/\/www.oeko-gruppe-laupen.ch\/index.php?rest_route=%2Fwp%2Fv2%2Fcategories&post=956"},{"taxonomy":"post_tag","embeddable":true,"href":"https:\/\/www.oeko-gruppe-laupen.ch\/index.php?rest_route=%2Fwp%2Fv2%2Ftags&post=956"}],"curies":[{"name":"wp","href":"https:\/\/api.w.org\/{rel}","templated":true}]}}