{"id":966,"date":"2021-02-10T21:42:05","date_gmt":"2021-02-10T20:42:05","guid":{"rendered":"http:\/\/www.oeko-gruppe-laupen.ch\/?p=966"},"modified":"2021-11-03T10:13:20","modified_gmt":"2021-11-03T09:13:20","slug":"palmol-indonesien","status":"publish","type":"post","link":"https:\/\/www.oeko-gruppe-laupen.ch\/?p=966","title":{"rendered":"Palm\u00f6l &#8211; Indonesien"},"content":{"rendered":"\n<p><em><strong>Abstimmung vom 7. M\u00e4rz 2021<\/strong><\/em><\/p>\n\n\n\n<p>Die Meinung der \u00d6ko-Gruppe zum Freihandelsabkommen mit Indonesien:<\/p>\n\n\n\n<p>Sowohl f\u00fcr ein JA wie auch f\u00fcr ein NEIN gibt es gute Gr\u00fcnde, deshalb k\u00f6nnen wir keine Empfehlung f\u00fcr die Abstimmung geben.<\/p>\n\n\n\n<p>\u00d6lpalmen gedeihen nur in den Tropen, und deren grossfl\u00e4chiger Anbau geht fast immer auf Kosten des Regenwaldes. Somit ist das Palm\u00f6l ein \u00f6kologisch bedenkliches Handelsgut aus Indonesien sowie aus vielen andern L\u00e4ndern der Tropen. <strong>Wir empfehlen<\/strong> deshalb \u2013 wie auch immer die Abstimmung ausgehen sollte -, <strong>Produkte mit<\/strong> <strong>Palm\u00f6l zu meiden<\/strong>.<\/p>\n\n\n\n<p>Argumente, die <em>f\u00fcr<\/em> das Abkommen sprechen*:<\/p>\n\n\n\n<ul class=\"wp-block-list\"><li>Im Vertrag ist festgehalten, dass Palm\u00f6l nur aus nachhaltiger Produktion zollreduziert importiert werden darf, d.h. f\u00fcr Palm\u00f6l gilt kein Freihandel.<\/li><li>Die Nachhaltigkeitsklausel kam auf Druck von Umwelt- und Menschenrechtsorganisationen wie Public Eye zu Stande und ist ein Novum. In weiteren Handelsabkommen k\u00f6nnte das Prinzip auch auf andere Produkte angewendet werden.<\/li><li>Die Umwelt- und Menschenrechtsorganisation WALHI in Indonesien sieht die Nachhaltigkeitsklausel als Fortschritt und will sie auch in Vertr\u00e4gen mit andern L\u00e4ndern zu verankern versuchen.<\/li><li>In der Schweiz wird durch die Nachhaltigkeitsklausel f\u00fcrs Palm\u00f6l die hiesige Raps\u00f6lgewinnung gest\u00e4rkt.<\/li><\/ul>\n\n\n\n<p>Argumente, die <em>gegen<\/em> das Abkommen sprechen:<\/p>\n\n\n\n<ul class=\"wp-block-list\"><li>Zur Einhaltung der Nachhaltigkeit wird der RSPO-Standard (Roundtable on Sustainable Palm Oil) gefordert. Vorallem bei der Kontrolle hapert es jedoch.<\/li><li>Der Bundesrat \u00fcberl\u00e4sst die Kontrolle der Privatwirtschaft, anstatt selbst \u00fcberpr\u00fcfen zu lassen, ob das importierte Palm\u00f6l den Anspr\u00fcchen der Nachhaltigkeitsklausel entspreche.<\/li><li>Die im Abkommen festgehaltene Schiedsgerichtbarkeit erstreckt sich nicht auf den Handel mit dem Palm\u00f6l.<\/li><li>Mit dem Abkommen wird Indonesien <strong>ein strengerer Schutz des geistigen Eigentums<\/strong> (Patente auf Medikamente, Sortenschutz f\u00fcr Saatgut) und eine Liberalisierung des Bankensektors auferlegt. Davon profitiert vorallem die Pharma-, Agro- und Bankindustrie. Hingegen f\u00fcr die lokale Bev\u00f6lkerung werden Medikamente teurer, lokale Banken geschw\u00e4cht und der Zugang zum Saatgut wird schwieriger,<\/li><\/ul>\n\n\n\n<p>* Wir st\u00fctzen uns auf die Argumente von Public Eye (<a href=\"https:\/\/www.publiceye.ch\/de\/themen\/handelspolitik\/bilaterale-handelspolitik\/indonesien\/position-zur-abstimmung-ueber-das-freihandelsabkommen-mit-indonesien\" target=\"_blank\" rel=\"noreferrer noopener\">www.publiceye.ch<\/a>)<\/p>\n","protected":false},"excerpt":{"rendered":"<p>Abstimmung vom 7. M\u00e4rz 2021 Die Meinung der \u00d6ko-Gruppe zum Freihandelsabkommen mit Indonesien: Sowohl f\u00fcr ein JA wie auch f\u00fcr ein NEIN gibt es gute Gr\u00fcnde, deshalb k\u00f6nnen wir keine Empfehlung f\u00fcr die Abstimmung geben. \u00d6lpalmen gedeihen nur in den Tropen, und deren grossfl\u00e4chiger Anbau geht fast immer auf Kosten [&hellip;]<\/p>\n","protected":false},"author":2,"featured_media":0,"comment_status":"closed","ping_status":"closed","sticky":false,"template":"","format":"standard","meta":{"footnotes":""},"categories":[22,17],"tags":[],"class_list":["post-966","post","type-post","status-publish","format-standard","hentry","category-konzernverantwortung","category-umwelt"],"_links":{"self":[{"href":"https:\/\/www.oeko-gruppe-laupen.ch\/index.php?rest_route=\/wp\/v2\/posts\/966","targetHints":{"allow":["GET"]}}],"collection":[{"href":"https:\/\/www.oeko-gruppe-laupen.ch\/index.php?rest_route=\/wp\/v2\/posts"}],"about":[{"href":"https:\/\/www.oeko-gruppe-laupen.ch\/index.php?rest_route=\/wp\/v2\/types\/post"}],"author":[{"embeddable":true,"href":"https:\/\/www.oeko-gruppe-laupen.ch\/index.php?rest_route=\/wp\/v2\/users\/2"}],"replies":[{"embeddable":true,"href":"https:\/\/www.oeko-gruppe-laupen.ch\/index.php?rest_route=%2Fwp%2Fv2%2Fcomments&post=966"}],"version-history":[{"count":5,"href":"https:\/\/www.oeko-gruppe-laupen.ch\/index.php?rest_route=\/wp\/v2\/posts\/966\/revisions"}],"predecessor-version":[{"id":971,"href":"https:\/\/www.oeko-gruppe-laupen.ch\/index.php?rest_route=\/wp\/v2\/posts\/966\/revisions\/971"}],"wp:attachment":[{"href":"https:\/\/www.oeko-gruppe-laupen.ch\/index.php?rest_route=%2Fwp%2Fv2%2Fmedia&parent=966"}],"wp:term":[{"taxonomy":"category","embeddable":true,"href":"https:\/\/www.oeko-gruppe-laupen.ch\/index.php?rest_route=%2Fwp%2Fv2%2Fcategories&post=966"},{"taxonomy":"post_tag","embeddable":true,"href":"https:\/\/www.oeko-gruppe-laupen.ch\/index.php?rest_route=%2Fwp%2Fv2%2Ftags&post=966"}],"curies":[{"name":"wp","href":"https:\/\/api.w.org\/{rel}","templated":true}]}}