{"id":972,"date":"2021-02-08T22:00:28","date_gmt":"2021-02-08T21:00:28","guid":{"rendered":"http:\/\/www.oeko-gruppe-laupen.ch\/?p=972"},"modified":"2021-11-03T10:13:46","modified_gmt":"2021-11-03T09:13:46","slug":"palmol-indonesien-2","status":"publish","type":"post","link":"https:\/\/www.oeko-gruppe-laupen.ch\/?p=972","title":{"rendered":"Palm\u00f6l-Indonesien Inserat"},"content":{"rendered":"\n<p>Abstimmung vom 7. M\u00e4rz 2021<\/p>\n\n\n\n<figure class=\"wp-block-image size-large is-resized\"><img loading=\"lazy\" decoding=\"async\" src=\"http:\/\/www.oeko-gruppe-laupen.ch\/wrtdrck\/wp-content\/uploads\/2021\/02\/InseratPalmoel.jpg\" alt=\"\" class=\"wp-image-975\" width=\"388\" height=\"470\" srcset=\"https:\/\/www.oeko-gruppe-laupen.ch\/wrtdrck\/wp-content\/uploads\/2021\/02\/InseratPalmoel.jpg 622w, https:\/\/www.oeko-gruppe-laupen.ch\/wrtdrck\/wp-content\/uploads\/2021\/02\/InseratPalmoel-247x300.jpg 247w\" sizes=\"auto, (max-width: 388px) 100vw, 388px\" \/><\/figure>\n\n\n\n<p>Freihandelsabkommen mit Indonesien:<br>JA oder NEIN?<br>Unsere Empfehlung: Kauft keine<br>Produkte, die Palm\u00f6l enthalten!<br>Je weniger Palm\u00f6l nachgefragt wird,<br>desto weniger wird produziert.<br>So k\u00f6nnte die Nachhaltigkeitsklausel<br>dieses Freihandelsabkommens<br>eher politisch umgesetzt werden.<\/p>\n","protected":false},"excerpt":{"rendered":"<p>Abstimmung vom 7. M\u00e4rz 2021 Freihandelsabkommen mit Indonesien:JA oder NEIN?Unsere Empfehlung: Kauft keineProdukte, die Palm\u00f6l enthalten!Je weniger Palm\u00f6l nachgefragt wird,desto weniger wird produziert.So k\u00f6nnte die Nachhaltigkeitsklauseldieses Freihandelsabkommenseher politisch umgesetzt werden.<\/p>\n","protected":false},"author":2,"featured_media":0,"comment_status":"closed","ping_status":"closed","sticky":false,"template":"","format":"standard","meta":{"footnotes":""},"categories":[10,22,17],"tags":[],"class_list":["post-972","post","type-post","status-publish","format-standard","hentry","category-inseratekampagne","category-konzernverantwortung","category-umwelt"],"_links":{"self":[{"href":"https:\/\/www.oeko-gruppe-laupen.ch\/index.php?rest_route=\/wp\/v2\/posts\/972","targetHints":{"allow":["GET"]}}],"collection":[{"href":"https:\/\/www.oeko-gruppe-laupen.ch\/index.php?rest_route=\/wp\/v2\/posts"}],"about":[{"href":"https:\/\/www.oeko-gruppe-laupen.ch\/index.php?rest_route=\/wp\/v2\/types\/post"}],"author":[{"embeddable":true,"href":"https:\/\/www.oeko-gruppe-laupen.ch\/index.php?rest_route=\/wp\/v2\/users\/2"}],"replies":[{"embeddable":true,"href":"https:\/\/www.oeko-gruppe-laupen.ch\/index.php?rest_route=%2Fwp%2Fv2%2Fcomments&post=972"}],"version-history":[{"count":3,"href":"https:\/\/www.oeko-gruppe-laupen.ch\/index.php?rest_route=\/wp\/v2\/posts\/972\/revisions"}],"predecessor-version":[{"id":1248,"href":"https:\/\/www.oeko-gruppe-laupen.ch\/index.php?rest_route=\/wp\/v2\/posts\/972\/revisions\/1248"}],"wp:attachment":[{"href":"https:\/\/www.oeko-gruppe-laupen.ch\/index.php?rest_route=%2Fwp%2Fv2%2Fmedia&parent=972"}],"wp:term":[{"taxonomy":"category","embeddable":true,"href":"https:\/\/www.oeko-gruppe-laupen.ch\/index.php?rest_route=%2Fwp%2Fv2%2Fcategories&post=972"},{"taxonomy":"post_tag","embeddable":true,"href":"https:\/\/www.oeko-gruppe-laupen.ch\/index.php?rest_route=%2Fwp%2Fv2%2Ftags&post=972"}],"curies":[{"name":"wp","href":"https:\/\/api.w.org\/{rel}","templated":true}]}}